{"id":64,"date":"2023-05-27T11:01:37","date_gmt":"2023-05-27T09:01:37","guid":{"rendered":"http:\/\/panneauxsolaires16.fr\/wordpress\/?p=64"},"modified":"2023-06-15T15:18:39","modified_gmt":"2023-06-15T13:18:39","slug":"2035-la-fin-des-voitures-dites-thermiques","status":"publish","type":"post","link":"http:\/\/panneauxsolaires16.fr\/wordpress\/2023\/05\/27\/2035-la-fin-des-voitures-dites-thermiques\/","title":{"rendered":"2035 : fin des voitures dites thermiques pour une envol\u00e9e de la voiture \u00e9lectrique !"},"content":{"rendered":"\n<p class=\"has-text-align-center\"><strong><em>Le Parlement europ\u00e9en l&rsquo;a d\u00e9cid\u00e9 : la fin de l&rsquo;autorisation de vente des v\u00e9hicules<br>thermiques neufs au profit de la voiture \u00e9lectrique sera effective en 2035 !<\/em><\/strong><\/p>\n\n\n\n<div style=\"height:59px\" aria-hidden=\"true\" class=\"wp-block-spacer\"><\/div>\n\n\n\n<p class=\"has-text-align-center\"><strong>}}}<\/strong><\/p>\n\n\n\n<iframe loading=\"lazy\" src=\"https:\/\/www.facebook.com\/plugins\/share_button.php?href=http%3A%2F%2Fpanneauxsolaires16.fr%2Fwordpress%2F2023%2F05%2F27%2F2035-la-fin-des-voitures-dites-thermiques%2F&#038;layout&#038;size&#038;appId=2081945445369345&#038;width=91&#038;height=20\" width=\"91\" height=\"20\" style=\"border:none;overflow:hidden\" scrolling=\"no\" frameborder=\"0\" allowfullscreen=\"true\" allow=\"autoplay; clipboard-write; encrypted-media; picture-in-picture; web-share\"><\/iframe>\n\n\n\n<div style=\"height:19px\" aria-hidden=\"true\" class=\"wp-block-spacer\"><\/div>\n\n\n\n<div style=\"height:28px\" aria-hidden=\"true\" class=\"wp-block-spacer\"><\/div>\n\n\n\n<script src=\"https:\/\/platform.linkedin.com\/in.js\" type=\"text\/javascript\">lang: en_US<\/script>\n<script type=\"IN\/Share\" data-url=\"https:\/\/panneauxsolaires16.fr\/wordpress\/2023\/05\/27\/2035-la-fin-des-voitures-dites-thermiques\/\"><\/script>\n\n\n\n<div style=\"height:31px\" aria-hidden=\"true\" class=\"wp-block-spacer\"><\/div>\n\n\n\n<h2 class=\"wp-block-heading has-text-align-center has-large-font-size\"><strong>L&rsquo;objectif est clair <\/strong><\/h2>\n\n\n\n<div style=\"height:15px\" aria-hidden=\"true\" class=\"wp-block-spacer\"><\/div>\n\n\n\n<p>Il faut se tourner maintenant vers les <strong><em>usages doux comme la durabilit\u00e9 et l&rsquo;\u00e9lectricit\u00e9 autonome <\/em><\/strong>! Le transport n&rsquo;\u00e9chappe pas \u00e0 la r\u00e8gle et tend vers une \u00e9cologie verte ! Il s&rsquo;agit de produire, de vendre et d&rsquo;acheter <strong><em>+ de&nbsp;voitures \u00e0 format \u00e9cologique \u00e0 l&rsquo;avenir.<\/em><\/strong><\/p>\n\n\n\n<div style=\"height:29px\" aria-hidden=\"true\" class=\"wp-block-spacer\"><\/div>\n\n\n\n<h3 class=\"wp-block-heading has-text-align-center has-medium-font-size\"><strong><em>Quels v\u00e9hicules concern\u00e9s par l&rsquo;exclusion ?<\/em><\/strong><\/h3>\n\n\n\n<div style=\"height:27px\" aria-hidden=\"true\" class=\"wp-block-spacer\"><\/div>\n\n\n\n<p>Tous les <strong>v\u00e9hicules essence, diesel et<\/strong> ceux qui \u00e9mettent du CO2; ce qui inclue aussi les <strong>v\u00e9hicules hybrides <\/strong>(rechargeables&nbsp;aussi) ainsi que <strong>les voitures \u00e0 biocarburants<\/strong>.<\/p>\n\n\n\n<p>Les 100% \u00e9lectriques neufs et thermiques d&rsquo;occasion auront, elles, encore le droit d&rsquo;\u00eatre commercialis\u00e9es dans l&rsquo;UE apr\u00e8s 2035. Pour exemple environ 70 000 v\u00e9hicules propres ont \u00e9t\u00e9 vendus contre 100 000 diesel au cours du 1er semestre 2022 ! Il y a donc du boulot &#8230;<\/p>\n\n\n\n<div style=\"height:27px\" aria-hidden=\"true\" class=\"wp-block-spacer\"><\/div>\n\n\n\n<h3 class=\"wp-block-heading has-text-align-center has-medium-font-size\"><strong><em>Quels impacts environnementaux ?<\/em><\/strong><\/h3>\n\n\n\n<div style=\"height:27px\" aria-hidden=\"true\" class=\"wp-block-spacer\"><\/div>\n\n\n\n<p>Si l&rsquo;heure de la fin des voitures thermiques a sonn\u00e9, leurs impacts d&rsquo;\u00e9mission \u00e0 effet de serres ont \u00e9t\u00e9, en grande partie, <strong>responsables des r\u00e9flexions visant \u00e0 \u00eatre r\u00e9duits<\/strong> pour atteindre la neutralit\u00e9 carbone en 2050.<\/p>\n\n\n\n<div style=\"height:34px\" aria-hidden=\"true\" class=\"wp-block-spacer\"><\/div>\n\n\n\n<p>Mais la voiture \u00e9lectrique est-elle vraiment \u00e9cologique depuis sa production jusqu&rsquo;\u00e0 sa recharge ?<\/p>\n\n\n\n<p>&#8230; ET BIEN OUI car le choix de la mobilit\u00e9 \u00e9lectrique induit 2 \u00e0 3 fois moins de CO2 \u00e9mis qu&rsquo;en voiture thermique.<\/p>\n\n\n\n<div style=\"height:41px\" aria-hidden=\"true\" class=\"wp-block-spacer\"><\/div>\n\n\n\n<p class=\"has-text-align-center has-vivid-cyan-blue-color has-text-color has-medium-font-size\"><strong><em>La pi\u00e8ce <\/em><\/strong><strong><em>la plus importante<\/em><\/strong><strong><em> d\u2019une voiture \u00e9lectrique est sa batterie rechargeable. <\/em><\/strong><strong><em>Il s&rsquo;agit de sa source d&rsquo;\u00e9nergie pour fonctionner et rouler ! Alors ce choix-l\u00e0 est crucial donc bien penser \u00e0 v\u00e9rifier la dur\u00e9e de vie de cette recharge !<\/em><\/strong><\/p>\n\n\n\n<div style=\"height:21px\" aria-hidden=\"true\" class=\"wp-block-spacer\"><\/div>\n\n\n<div class=\"wp-block-image\">\n<figure class=\"aligncenter size-full is-resized\"><img loading=\"lazy\" decoding=\"async\" src=\"http:\/\/panneauxsolaires16.fr\/wordpress\/wp-content\/uploads\/2023\/05\/electric-car-ge9e31737d_640.png\" alt=\"\" class=\"wp-image-70\" width=\"482\" height=\"193\" srcset=\"http:\/\/panneauxsolaires16.fr\/wordpress\/wp-content\/uploads\/2023\/05\/electric-car-ge9e31737d_640.png 640w, http:\/\/panneauxsolaires16.fr\/wordpress\/wp-content\/uploads\/2023\/05\/electric-car-ge9e31737d_640-300x120.png 300w, http:\/\/panneauxsolaires16.fr\/wordpress\/wp-content\/uploads\/2023\/05\/electric-car-ge9e31737d_640-150x60.png 150w\" sizes=\"auto, (max-width: 482px) 100vw, 482px\" \/><\/figure>\n<\/div>\n\n\n<div style=\"height:24px\" aria-hidden=\"true\" class=\"wp-block-spacer\"><\/div>\n\n\n\n<h3 class=\"wp-block-heading has-text-align-center has-medium-font-size\"><strong><em>Quelles d\u00e9cisions dans l&rsquo;imm\u00e9diat ?<\/em><\/strong><\/h3>\n\n\n\n<div style=\"height:34px\" aria-hidden=\"true\" class=\"wp-block-spacer\"><\/div>\n\n\n\n<p>Seule la vente des v\u00e9hicules thermiques neufs sera interdite \u00e0 partir de 2035. Le march\u00e9 de l&rsquo;occasion existera encore mais ses offres vont tr\u00e8s certainement diminu\u00e9es. <strong><em>La question se pose donc d\u00e8s aujourd&rsquo;hui \u00e0 savoir dans quel type de v\u00e9hicule doit-on investir ?<\/em><\/strong><\/p>\n\n\n\n<div style=\"height:20px\" aria-hidden=\"true\" class=\"wp-block-spacer\"><\/div>\n\n\n\n<p>Il faut savoir que l&rsquo;UE a pr\u00e9vu en outre de <strong><em>r\u00e9viser l&rsquo;homologation des hybrides rechargeables en 2025<\/em><\/strong>. Ce nouvel \u00e9l\u00e9ment risque de <strong><em>p\u00e9naliser ce type de v\u00e9hicules <\/em><\/strong>en fonction des chiffres de consommation qui ne seront plus du tout conformes \u00e0 la r\u00e9alit\u00e9.<\/p>\n\n\n\n<div style=\"height:32px\" aria-hidden=\"true\" class=\"wp-block-spacer\"><\/div>\n\n\n<div class=\"wp-block-image\">\n<figure class=\"aligncenter size-full is-resized\"><img loading=\"lazy\" decoding=\"async\" src=\"http:\/\/panneauxsolaires16.fr\/wordpress\/wp-content\/uploads\/2023\/05\/Ville-vers-lelectrique.jpg\" alt=\"\" class=\"wp-image-69\" width=\"524\" height=\"350\" srcset=\"http:\/\/panneauxsolaires16.fr\/wordpress\/wp-content\/uploads\/2023\/05\/Ville-vers-lelectrique.jpg 640w, http:\/\/panneauxsolaires16.fr\/wordpress\/wp-content\/uploads\/2023\/05\/Ville-vers-lelectrique-300x200.jpg 300w, http:\/\/panneauxsolaires16.fr\/wordpress\/wp-content\/uploads\/2023\/05\/Ville-vers-lelectrique-90x60.jpg 90w, http:\/\/panneauxsolaires16.fr\/wordpress\/wp-content\/uploads\/2023\/05\/Ville-vers-lelectrique-374x249.jpg 374w\" sizes=\"auto, (max-width: 524px) 100vw, 524px\" \/><\/figure>\n<\/div>\n\n\n<div style=\"height:32px\" aria-hidden=\"true\" class=\"wp-block-spacer\"><\/div>\n\n\n\n<p>La mobilit\u00e9 \u00e9lectrique repr\u00e9sente <strong>un enjeu fort pour l&rsquo;avenir<\/strong> ! Certaines grandes villes comme Paris ont d\u00e9j\u00e0 <strong><em>fix\u00e9 des limites dans les \u00e9missions de carbone<\/em><\/strong> ( 2 tonnes \/ an et \/ personne contre 11 actuellement en France ) ..Il y a encore du travail surtout quand on sait que le transport est responsable de + de 30% de l&#8217;empreinte carbone !<\/p>\n\n\n\n<div style=\"height:26px\" aria-hidden=\"true\" class=\"wp-block-spacer\"><\/div>\n\n\n\n<h3 class=\"wp-block-heading has-text-align-center has-medium-font-size\"><strong><em>Quel v\u00e9hicule \u00e9lectrique choisir ?<\/em><\/strong><\/h3>\n\n\n\n<div style=\"height:23px\" aria-hidden=\"true\" class=\"wp-block-spacer\"><\/div>\n\n\n\n<p>Alors \u00e7a y est &#8230;. la d\u00e9cision est prise de passer \u00e0 l&rsquo;\u00e9lectrique ! Reste la voiture \u00e0 choisir &#8230; \u00c0 quels besoins doit-elle r\u00e9pondre ? C&rsquo;est le nombre de Kilom\u00e8tres parcourus quotidiennement qui va d\u00e9terminer l&rsquo;autonomie de la batterie par exemple ? L&rsquo;espace de confort int\u00e9rieur requis ? Le budget et les aides financi\u00e8res accord\u00e9es ?<\/p>\n\n\n\n<p>On trouve aujourd&rsquo;hui de plus en plus de parcs automobiles propres d&rsquo;occasion de plus en plus accessibles financi\u00e8rement parlant.<\/p>\n\n\n\n<div style=\"height:21px\" aria-hidden=\"true\" class=\"wp-block-spacer\"><\/div>\n\n\n<div class=\"wp-block-image\">\n<figure class=\"aligncenter size-full is-resized\"><img loading=\"lazy\" decoding=\"async\" src=\"http:\/\/panneauxsolaires16.fr\/wordpress\/wp-content\/uploads\/2023\/05\/electric-car-g57c2184a0_640.jpg\" alt=\"\" class=\"wp-image-71\" width=\"578\" height=\"434\" srcset=\"http:\/\/panneauxsolaires16.fr\/wordpress\/wp-content\/uploads\/2023\/05\/electric-car-g57c2184a0_640.jpg 640w, http:\/\/panneauxsolaires16.fr\/wordpress\/wp-content\/uploads\/2023\/05\/electric-car-g57c2184a0_640-300x225.jpg 300w, http:\/\/panneauxsolaires16.fr\/wordpress\/wp-content\/uploads\/2023\/05\/electric-car-g57c2184a0_640-80x60.jpg 80w\" sizes=\"auto, (max-width: 578px) 100vw, 578px\" \/><\/figure>\n<\/div>\n\n\n<div style=\"height:25px\" aria-hidden=\"true\" class=\"wp-block-spacer\"><\/div>\n\n\n\n<h3 class=\"wp-block-heading has-text-align-center has-medium-font-size\"><strong><em>Quelles aides \u00e0 la mobilit\u00e9 \u00e9lectrique ?<\/em><\/strong><\/h3>\n\n\n\n<div style=\"height:25px\" aria-hidden=\"true\" class=\"wp-block-spacer\"><\/div>\n\n\n\n<p>Afin de stimuler le choix de la voiture \u00e9lectrique \u00e0 ce jour, l&rsquo;\u00e9tat et les collectivit\u00e9s accordent de + en + d&rsquo;aides : il est possible de <strong>cumuler une prime \u00e0 la conversion et un bonus \u00e9cologique<\/strong>.<\/p>\n\n\n\n<p><strong>Mais l&rsquo;avantage pourrait bien dispara\u00eetre d&rsquo;ici quelques ann\u00e9es lorsque il y aura trop de demandes. Donc anticiper est une bonne chose pour gagner sur l&rsquo;achat d\u00e8s aujourd&rsquo;hui !<\/strong><\/p>\n\n\n\n<p>Et plus il y aura de voitures \u00e9lectriques en circulation, plus la collectivit\u00e9 am\u00e9nagera son territoire en cons\u00e9quence ( en France =&gt; 60 000 points de charges publiques qui favorisent l&rsquo;eco-mobilit\u00e9 fin 2022 ). N&rsquo;oublions pas non plus les espaces r\u00e9serv\u00e9s aux les v\u00e9los, v\u00e9los \u00e9lectriques, trottinettes et pi\u00e9tons !<\/p>\n\n\n\n<div style=\"height:29px\" aria-hidden=\"true\" class=\"wp-block-spacer\"><\/div>\n\n\n\n<p class=\"has-text-align-center has-pale-cyan-blue-background-color has-background\" style=\"font-size:27px\"><strong>Si l\u2019horizon 2035 peut sembler loin, c\u2019est pourtant le bon moment pour engager votre r\u00e9flexion&nbsp;!<\/strong><\/p>\n\n\n\n<div style=\"height:29px\" aria-hidden=\"true\" class=\"wp-block-spacer\"><\/div>\n\n\n\n<figure class=\"wp-block-gallery has-nested-images columns-default is-cropped wp-block-gallery-1 is-layout-flex wp-block-gallery-is-layout-flex\">\n<figure class=\"wp-block-image size-large\"><img loading=\"lazy\" decoding=\"async\" width=\"640\" height=\"273\" data-id=\"72\" src=\"http:\/\/panneauxsolaires16.fr\/wordpress\/wp-content\/uploads\/2023\/05\/car-g96332f4f6_640.png\" alt=\"\" class=\"wp-image-72\" srcset=\"http:\/\/panneauxsolaires16.fr\/wordpress\/wp-content\/uploads\/2023\/05\/car-g96332f4f6_640.png 640w, http:\/\/panneauxsolaires16.fr\/wordpress\/wp-content\/uploads\/2023\/05\/car-g96332f4f6_640-300x128.png 300w, http:\/\/panneauxsolaires16.fr\/wordpress\/wp-content\/uploads\/2023\/05\/car-g96332f4f6_640-141x60.png 141w\" sizes=\"auto, (max-width: 640px) 100vw, 640px\" \/><\/figure>\n\n\n\n<figure class=\"wp-block-image size-large\"><img loading=\"lazy\" decoding=\"async\" width=\"640\" height=\"427\" data-id=\"73\" src=\"http:\/\/panneauxsolaires16.fr\/wordpress\/wp-content\/uploads\/2023\/05\/electric-car-g434bc564b_640.jpg\" alt=\"\" class=\"wp-image-73\" srcset=\"http:\/\/panneauxsolaires16.fr\/wordpress\/wp-content\/uploads\/2023\/05\/electric-car-g434bc564b_640.jpg 640w, http:\/\/panneauxsolaires16.fr\/wordpress\/wp-content\/uploads\/2023\/05\/electric-car-g434bc564b_640-300x200.jpg 300w, http:\/\/panneauxsolaires16.fr\/wordpress\/wp-content\/uploads\/2023\/05\/electric-car-g434bc564b_640-90x60.jpg 90w, http:\/\/panneauxsolaires16.fr\/wordpress\/wp-content\/uploads\/2023\/05\/electric-car-g434bc564b_640-374x249.jpg 374w\" sizes=\"auto, (max-width: 640px) 100vw, 640px\" \/><\/figure>\n\n\n\n<figure class=\"wp-block-image size-large\"><img loading=\"lazy\" decoding=\"async\" width=\"640\" height=\"425\" data-id=\"74\" src=\"http:\/\/panneauxsolaires16.fr\/wordpress\/wp-content\/uploads\/2023\/05\/photovoltaique-solaire.jpg\" alt=\"\" class=\"wp-image-74\" srcset=\"http:\/\/panneauxsolaires16.fr\/wordpress\/wp-content\/uploads\/2023\/05\/photovoltaique-solaire.jpg 640w, http:\/\/panneauxsolaires16.fr\/wordpress\/wp-content\/uploads\/2023\/05\/photovoltaique-solaire-300x199.jpg 300w, http:\/\/panneauxsolaires16.fr\/wordpress\/wp-content\/uploads\/2023\/05\/photovoltaique-solaire-90x60.jpg 90w, http:\/\/panneauxsolaires16.fr\/wordpress\/wp-content\/uploads\/2023\/05\/photovoltaique-solaire-374x249.jpg 374w\" sizes=\"auto, (max-width: 640px) 100vw, 640px\" \/><\/figure>\n<\/figure>\n\n\n\n<div style=\"height:31px\" aria-hidden=\"true\" class=\"wp-block-spacer\"><\/div>\n\n\n\n<p class=\"has-text-align-center has-vivid-cyan-blue-color has-text-color\" style=\"font-size:21px\"><strong><em>Et si l&rsquo;\u00e9quipement photovolta\u00efque pouvait un jour vous permettre de recharger de fa\u00e7on autonome votre voiture la nuit par exemple quand vous dormez comme si de rien n&rsquo;\u00e9tait ? Plus besoin de courir les stations essence au risque de vivre un moment de solitude lorsqu&rsquo;il y a p\u00e9nurie &#8230; Ce ne serait pas formidable ???<\/em><\/strong><\/p>\n\n\n\n<div style=\"height:40px\" aria-hidden=\"true\" class=\"wp-block-spacer\"><\/div>\n\n\n<div class=\"wp-block-image\">\n<figure class=\"aligncenter size-full is-resized\"><img loading=\"lazy\" decoding=\"async\" src=\"http:\/\/panneauxsolaires16.fr\/wordpress\/wp-content\/uploads\/2023\/05\/Retour-sur-une-story-de-200-ans.png\" alt=\"\" class=\"wp-image-75\" width=\"742\" height=\"222\" srcset=\"http:\/\/panneauxsolaires16.fr\/wordpress\/wp-content\/uploads\/2023\/05\/Retour-sur-une-story-de-200-ans.png 722w, http:\/\/panneauxsolaires16.fr\/wordpress\/wp-content\/uploads\/2023\/05\/Retour-sur-une-story-de-200-ans-300x90.png 300w, http:\/\/panneauxsolaires16.fr\/wordpress\/wp-content\/uploads\/2023\/05\/Retour-sur-une-story-de-200-ans-201x60.png 201w\" sizes=\"auto, (max-width: 742px) 100vw, 742px\" \/><\/figure>\n<\/div>\n\n\n<div style=\"height:22px\" aria-hidden=\"true\" class=\"wp-block-spacer\"><\/div>\n\n\n\n<h2 class=\"wp-block-heading has-large-font-size\" style=\"text-transform:lowercase\">Qui a invent\u00e9 la 1\u00e8re voiture \u00e9lectrique du monde ?<\/h2>\n\n\n\n<div style=\"height:32px\" aria-hidden=\"true\" class=\"wp-block-spacer\"><\/div>\n\n\n\n<p>Vous le saurez en suivant nos storyS sur le sujet en cours de diffusion actuelle sur nos r\u00e9seaux sociaux Facebook  &amp; Instagram !!!<\/p>\n\n\n\n<ul class=\"wp-block-social-links aligncenter has-large-icon-size is-layout-flex wp-block-social-links-is-layout-flex\"><li class=\"wp-social-link wp-social-link-facebook  wp-block-social-link\"><a href=\"https:\/\/www.facebook.com\/cfen16.photovoltaiques\" class=\"wp-block-social-link-anchor\"><svg width=\"24\" height=\"24\" viewBox=\"0 0 24 24\" version=\"1.1\" xmlns=\"http:\/\/www.w3.org\/2000\/svg\" aria-hidden=\"true\" focusable=\"false\"><path d=\"M12 2C6.5 2 2 6.5 2 12c0 5 3.7 9.1 8.4 9.9v-7H7.9V12h2.5V9.8c0-2.5 1.5-3.9 3.8-3.9 1.1 0 2.2.2 2.2.2v2.5h-1.3c-1.2 0-1.6.8-1.6 1.6V12h2.8l-.4 2.9h-2.3v7C18.3 21.1 22 17 22 12c0-5.5-4.5-10-10-10z\"><\/path><\/svg><span class=\"wp-block-social-link-label screen-reader-text\">page Facebook de Maud Lacour CFEN Photovolta\u00efque<\/span><\/a><\/li>\n\n<li class=\"wp-social-link wp-social-link-instagram  wp-block-social-link\"><a href=\"https:\/\/www.instagram.com\/maud.cfen\/\" class=\"wp-block-social-link-anchor\"><svg width=\"24\" height=\"24\" viewBox=\"0 0 24 24\" version=\"1.1\" xmlns=\"http:\/\/www.w3.org\/2000\/svg\" aria-hidden=\"true\" focusable=\"false\"><path d=\"M12,4.622c2.403,0,2.688,0.009,3.637,0.052c0.877,0.04,1.354,0.187,1.671,0.31c0.42,0.163,0.72,0.358,1.035,0.673 c0.315,0.315,0.51,0.615,0.673,1.035c0.123,0.317,0.27,0.794,0.31,1.671c0.043,0.949,0.052,1.234,0.052,3.637 s-0.009,2.688-0.052,3.637c-0.04,0.877-0.187,1.354-0.31,1.671c-0.163,0.42-0.358,0.72-0.673,1.035 c-0.315,0.315-0.615,0.51-1.035,0.673c-0.317,0.123-0.794,0.27-1.671,0.31c-0.949,0.043-1.233,0.052-3.637,0.052 s-2.688-0.009-3.637-0.052c-0.877-0.04-1.354-0.187-1.671-0.31c-0.42-0.163-0.72-0.358-1.035-0.673 c-0.315-0.315-0.51-0.615-0.673-1.035c-0.123-0.317-0.27-0.794-0.31-1.671C4.631,14.688,4.622,14.403,4.622,12 s0.009-2.688,0.052-3.637c0.04-0.877,0.187-1.354,0.31-1.671c0.163-0.42,0.358-0.72,0.673-1.035 c0.315-0.315,0.615-0.51,1.035-0.673c0.317-0.123,0.794-0.27,1.671-0.31C9.312,4.631,9.597,4.622,12,4.622 M12,3 C9.556,3,9.249,3.01,8.289,3.054C7.331,3.098,6.677,3.25,6.105,3.472C5.513,3.702,5.011,4.01,4.511,4.511 c-0.5,0.5-0.808,1.002-1.038,1.594C3.25,6.677,3.098,7.331,3.054,8.289C3.01,9.249,3,9.556,3,12c0,2.444,0.01,2.751,0.054,3.711 c0.044,0.958,0.196,1.612,0.418,2.185c0.23,0.592,0.538,1.094,1.038,1.594c0.5,0.5,1.002,0.808,1.594,1.038 c0.572,0.222,1.227,0.375,2.185,0.418C9.249,20.99,9.556,21,12,21s2.751-0.01,3.711-0.054c0.958-0.044,1.612-0.196,2.185-0.418 c0.592-0.23,1.094-0.538,1.594-1.038c0.5-0.5,0.808-1.002,1.038-1.594c0.222-0.572,0.375-1.227,0.418-2.185 C20.99,14.751,21,14.444,21,12s-0.01-2.751-0.054-3.711c-0.044-0.958-0.196-1.612-0.418-2.185c-0.23-0.592-0.538-1.094-1.038-1.594 c-0.5-0.5-1.002-0.808-1.594-1.038c-0.572-0.222-1.227-0.375-2.185-0.418C14.751,3.01,14.444,3,12,3L12,3z M12,7.378 c-2.552,0-4.622,2.069-4.622,4.622S9.448,16.622,12,16.622s4.622-2.069,4.622-4.622S14.552,7.378,12,7.378z M12,15 c-1.657,0-3-1.343-3-3s1.343-3,3-3s3,1.343,3,3S13.657,15,12,15z M16.804,6.116c-0.596,0-1.08,0.484-1.08,1.08 s0.484,1.08,1.08,1.08c0.596,0,1.08-0.484,1.08-1.08S17.401,6.116,16.804,6.116z\"><\/path><\/svg><span class=\"wp-block-social-link-label screen-reader-text\">page Instagram de Maud Lacour CFEN Photovolta\u00efque<\/span><\/a><\/li><\/ul>\n\n\n\n<div style=\"height:19px\" aria-hidden=\"true\" class=\"wp-block-spacer\"><\/div>\n\n\n\n<p class=\"has-text-align-center\">Contrairement aux id\u00e9es re\u00e7ues, les 1ers prototypes datent du milieu du XIX\u00e8me si\u00e8cle !<\/p>\n\n\n\n<p class=\"has-text-align-center has-pale-cyan-blue-background-color has-background\"><strong>&#8230; Nous appr\u00e9cierons aussi le parcours \u00e9volutif depuis cette \u00e9poque lors d&rsquo;un prochain article &#8230;<\/strong><\/p>\n\n\n\n<pre class=\"wp-block-preformatted has-small-font-size\"><strong>Un article CFEN Photovolta\u00efque<\/strong><\/pre>\n\n\n\n<p class=\"has-text-align-center has-medium-font-size\"><strong><em><a href=\"http:\/\/www.panneauxsolaires16.fr\/#contact\" target=\"_blank\" rel=\"noreferrer noopener\"><mark style=\"background-color:rgba(0, 0, 0, 0)\" class=\"has-inline-color has-vivid-cyan-blue-color\">Demandez un contact<\/mark><\/a><\/em><\/strong><\/p>\n\n\n\n\n\n<div style=\"height:18px\" aria-hidden=\"true\" class=\"wp-block-spacer\"><\/div>\n\n\n\n<script src=\"https:\/\/platform.linkedin.com\/in.js\" type=\"text\/javascript\">lang: en_US<\/script>\n<script type=\"IN\/Share\" data-url=\"https:\/\/panneauxsolaires16.fr\/wordpress\/2023\/05\/27\/2035-la-fin-des-voitures-dites-thermiques\/\"><\/script>\n\n\n\n<ul class=\"wp-block-social-links aligncenter is-layout-flex wp-block-social-links-is-layout-flex\"><li class=\"wp-social-link wp-social-link-facebook  wp-block-social-link\"><a href=\"https:\/\/www.facebook.com\/cfen16.photovoltaiques\" class=\"wp-block-social-link-anchor\"><svg width=\"24\" height=\"24\" viewBox=\"0 0 24 24\" version=\"1.1\" xmlns=\"http:\/\/www.w3.org\/2000\/svg\" aria-hidden=\"true\" focusable=\"false\"><path d=\"M12 2C6.5 2 2 6.5 2 12c0 5 3.7 9.1 8.4 9.9v-7H7.9V12h2.5V9.8c0-2.5 1.5-3.9 3.8-3.9 1.1 0 2.2.2 2.2.2v2.5h-1.3c-1.2 0-1.6.8-1.6 1.6V12h2.8l-.4 2.9h-2.3v7C18.3 21.1 22 17 22 12c0-5.5-4.5-10-10-10z\"><\/path><\/svg><span class=\"wp-block-social-link-label screen-reader-text\">Facebook<\/span><\/a><\/li>\n\n<li class=\"wp-social-link wp-social-link-instagram  wp-block-social-link\"><a href=\"https:\/\/www.instagram.com\/maud.cfen\/\" class=\"wp-block-social-link-anchor\"><svg width=\"24\" height=\"24\" viewBox=\"0 0 24 24\" version=\"1.1\" xmlns=\"http:\/\/www.w3.org\/2000\/svg\" aria-hidden=\"true\" focusable=\"false\"><path d=\"M12,4.622c2.403,0,2.688,0.009,3.637,0.052c0.877,0.04,1.354,0.187,1.671,0.31c0.42,0.163,0.72,0.358,1.035,0.673 c0.315,0.315,0.51,0.615,0.673,1.035c0.123,0.317,0.27,0.794,0.31,1.671c0.043,0.949,0.052,1.234,0.052,3.637 s-0.009,2.688-0.052,3.637c-0.04,0.877-0.187,1.354-0.31,1.671c-0.163,0.42-0.358,0.72-0.673,1.035 c-0.315,0.315-0.615,0.51-1.035,0.673c-0.317,0.123-0.794,0.27-1.671,0.31c-0.949,0.043-1.233,0.052-3.637,0.052 s-2.688-0.009-3.637-0.052c-0.877-0.04-1.354-0.187-1.671-0.31c-0.42-0.163-0.72-0.358-1.035-0.673 c-0.315-0.315-0.51-0.615-0.673-1.035c-0.123-0.317-0.27-0.794-0.31-1.671C4.631,14.688,4.622,14.403,4.622,12 s0.009-2.688,0.052-3.637c0.04-0.877,0.187-1.354,0.31-1.671c0.163-0.42,0.358-0.72,0.673-1.035 c0.315-0.315,0.615-0.51,1.035-0.673c0.317-0.123,0.794-0.27,1.671-0.31C9.312,4.631,9.597,4.622,12,4.622 M12,3 C9.556,3,9.249,3.01,8.289,3.054C7.331,3.098,6.677,3.25,6.105,3.472C5.513,3.702,5.011,4.01,4.511,4.511 c-0.5,0.5-0.808,1.002-1.038,1.594C3.25,6.677,3.098,7.331,3.054,8.289C3.01,9.249,3,9.556,3,12c0,2.444,0.01,2.751,0.054,3.711 c0.044,0.958,0.196,1.612,0.418,2.185c0.23,0.592,0.538,1.094,1.038,1.594c0.5,0.5,1.002,0.808,1.594,1.038 c0.572,0.222,1.227,0.375,2.185,0.418C9.249,20.99,9.556,21,12,21s2.751-0.01,3.711-0.054c0.958-0.044,1.612-0.196,2.185-0.418 c0.592-0.23,1.094-0.538,1.594-1.038c0.5-0.5,0.808-1.002,1.038-1.594c0.222-0.572,0.375-1.227,0.418-2.185 C20.99,14.751,21,14.444,21,12s-0.01-2.751-0.054-3.711c-0.044-0.958-0.196-1.612-0.418-2.185c-0.23-0.592-0.538-1.094-1.038-1.594 c-0.5-0.5-1.002-0.808-1.594-1.038c-0.572-0.222-1.227-0.375-2.185-0.418C14.751,3.01,14.444,3,12,3L12,3z M12,7.378 c-2.552,0-4.622,2.069-4.622,4.622S9.448,16.622,12,16.622s4.622-2.069,4.622-4.622S14.552,7.378,12,7.378z M12,15 c-1.657,0-3-1.343-3-3s1.343-3,3-3s3,1.343,3,3S13.657,15,12,15z M16.804,6.116c-0.596,0-1.08,0.484-1.08,1.08 s0.484,1.08,1.08,1.08c0.596,0,1.08-0.484,1.08-1.08S17.401,6.116,16.804,6.116z\"><\/path><\/svg><span class=\"wp-block-social-link-label screen-reader-text\">Instagram<\/span><\/a><\/li>\n\n<li class=\"wp-social-link wp-social-link-linkedin  wp-block-social-link\"><a href=\"https:\/\/www.linkedin.com\/in\/santebienetre\/\" class=\"wp-block-social-link-anchor\"><svg width=\"24\" height=\"24\" viewBox=\"0 0 24 24\" version=\"1.1\" xmlns=\"http:\/\/www.w3.org\/2000\/svg\" aria-hidden=\"true\" focusable=\"false\"><path d=\"M19.7,3H4.3C3.582,3,3,3.582,3,4.3v15.4C3,20.418,3.582,21,4.3,21h15.4c0.718,0,1.3-0.582,1.3-1.3V4.3 C21,3.582,20.418,3,19.7,3z M8.339,18.338H5.667v-8.59h2.672V18.338z M7.004,8.574c-0.857,0-1.549-0.694-1.549-1.548 c0-0.855,0.691-1.548,1.549-1.548c0.854,0,1.547,0.694,1.547,1.548C8.551,7.881,7.858,8.574,7.004,8.574z M18.339,18.338h-2.669 v-4.177c0-0.996-0.017-2.278-1.387-2.278c-1.389,0-1.601,1.086-1.601,2.206v4.249h-2.667v-8.59h2.559v1.174h0.037 c0.356-0.675,1.227-1.387,2.526-1.387c2.703,0,3.203,1.779,3.203,4.092V18.338z\"><\/path><\/svg><span class=\"wp-block-social-link-label screen-reader-text\">LinkedIn<\/span><\/a><\/li><\/ul>\n","protected":false},"excerpt":{"rendered":"<p>Le Parlement europ\u00e9en a d\u00e9cid\u00e9 de la fin de l&rsquo;autorisation de vente du v\u00e9hicule thermique neuf au profit du v\u00e9hicule \u00e9lectrique en 2035 !<\/p>\n","protected":false},"author":1,"featured_media":66,"comment_status":"closed","ping_status":"open","sticky":true,"template":"","format":"standard","meta":{"footnotes":""},"categories":[3,12],"tags":[19,11,8,14,15,10,21,9,18,20,4,5,17,13,7,6],"class_list":["post-64","post","type-post","status-publish","format-standard","has-post-thumbnail","hentry","category-panneaux-solaires-photovoltaiques","category-voiture-electrique","tag-batterie-rechargeable","tag-biocarburants","tag-diesel","tag-ecologie","tag-ecoresponsabilite","tag-electricite","tag-emission-de-carbone","tag-essence","tag-ma-propre-energie","tag-mobilite-electrique","tag-panneaux-solaires","tag-photovoltaique","tag-vehicule-propre","tag-vehicules-hybrides","tag-vehicules-thermiques","tag-voiture-electrique","latest_post"],"yoast_head":"<!-- This site is optimized with the Yoast SEO plugin v27.5 - https:\/\/yoast.com\/product\/yoast-seo-wordpress\/ -->\n<title>2035 : fin des voitures dites thermiques pour une envol\u00e9e de la voiture \u00e9lectrique ! -<\/title>\n<meta name=\"description\" content=\"CFEN nous informe de a fin de l&#039;autorisation de vente des v\u00e9hicules thermiques neufs au profit de la voiture \u00e9lectrique en 2035 !\" \/>\n<meta name=\"robots\" content=\"index, follow, max-snippet:-1, max-image-preview:large, max-video-preview:-1\" \/>\n<link rel=\"canonical\" href=\"http:\/\/panneauxsolaires16.fr\/wordpress\/2023\/05\/27\/2035-la-fin-des-voitures-dites-thermiques\/\" \/>\n<meta property=\"og:locale\" content=\"fr_FR\" \/>\n<meta property=\"og:type\" content=\"article\" \/>\n<meta property=\"og:title\" content=\"2035 sonnera le glas de l&#039;\u00e9pop\u00e9e de la voiture thermique au profit de la voiture \u00e9lectrique\" \/>\n<meta property=\"og:description\" content=\"CFEN vous informe : Le Parlement europ\u00e9en a d\u00e9cid\u00e9 la fin de l&#039;autorisation de vente des v\u00e9hicules thermiques neufs en 2035 !\" \/>\n<meta property=\"og:url\" content=\"http:\/\/panneauxsolaires16.fr\/wordpress\/2023\/05\/27\/2035-la-fin-des-voitures-dites-thermiques\/\" \/>\n<meta property=\"article:publisher\" content=\"https:\/\/www.facebook.com\/cfen16.photovoltaiques\" \/>\n<meta property=\"article:published_time\" content=\"2023-05-27T09:01:37+00:00\" \/>\n<meta property=\"article:modified_time\" content=\"2023-06-15T13:18:39+00:00\" \/>\n<meta property=\"og:image\" content=\"http:\/\/panneauxsolaires16.fr\/wordpress\/wp-content\/uploads\/2023\/05\/electric-car-g57c2184a0_640.jpg\" \/>\n\t<meta property=\"og:image:width\" content=\"640\" \/>\n\t<meta property=\"og:image:height\" content=\"480\" \/>\n\t<meta property=\"og:image:type\" content=\"image\/jpeg\" \/>\n<meta name=\"author\" content=\"Cfen r\u00e9dacteur\" \/>\n<meta name=\"twitter:card\" content=\"summary_large_image\" \/>\n<meta name=\"twitter:label1\" content=\"\u00c9crit par\" \/>\n\t<meta name=\"twitter:data1\" content=\"Cfen r\u00e9dacteur\" \/>\n\t<meta name=\"twitter:label2\" content=\"Dur\u00e9e de lecture estim\u00e9e\" \/>\n\t<meta name=\"twitter:data2\" content=\"6 minutes\" \/>\n<script type=\"application\/ld+json\" class=\"yoast-schema-graph\">{\"@context\":\"https:\\\/\\\/schema.org\",\"@graph\":[{\"@type\":\"Article\",\"@id\":\"http:\\\/\\\/panneauxsolaires16.fr\\\/wordpress\\\/2023\\\/05\\\/27\\\/2035-la-fin-des-voitures-dites-thermiques\\\/#article\",\"isPartOf\":{\"@id\":\"http:\\\/\\\/panneauxsolaires16.fr\\\/wordpress\\\/2023\\\/05\\\/27\\\/2035-la-fin-des-voitures-dites-thermiques\\\/\"},\"author\":{\"name\":\"Cfen r\u00e9dacteur\",\"@id\":\"http:\\\/\\\/panneauxsolaires16.fr\\\/wordpress\\\/#\\\/schema\\\/person\\\/5179b2e7d55aabf61f632f0b5095ffac\"},\"headline\":\"2035 : fin des voitures dites thermiques pour une envol\u00e9e de la voiture \u00e9lectrique !\",\"datePublished\":\"2023-05-27T09:01:37+00:00\",\"dateModified\":\"2023-06-15T13:18:39+00:00\",\"mainEntityOfPage\":{\"@id\":\"http:\\\/\\\/panneauxsolaires16.fr\\\/wordpress\\\/2023\\\/05\\\/27\\\/2035-la-fin-des-voitures-dites-thermiques\\\/\"},\"wordCount\":768,\"publisher\":{\"@id\":\"http:\\\/\\\/panneauxsolaires16.fr\\\/wordpress\\\/#organization\"},\"image\":{\"@id\":\"http:\\\/\\\/panneauxsolaires16.fr\\\/wordpress\\\/2023\\\/05\\\/27\\\/2035-la-fin-des-voitures-dites-thermiques\\\/#primaryimage\"},\"thumbnailUrl\":\"http:\\\/\\\/panneauxsolaires16.fr\\\/wordpress\\\/wp-content\\\/uploads\\\/2023\\\/05\\\/Couv-Article-CFEN-fin-des-voitures-thermiques.png\",\"keywords\":[\"batterie rechargeable\",\"biocarburants\",\"diesel\",\"\u00e9cologie\",\"ecoresponsabilit\u00e9\",\"\u00e9lectricit\u00e9\",\"\u00e9mission de carbone\",\"essence\",\"ma propre \u00e9nergie\",\"mobilit\u00e9 \u00e9lectrique\",\"panneaux solaires\",\"photovolta\u00efque\",\"v\u00e9hicule propre\",\"v\u00e9hicules hybrides\",\"v\u00e9hicules thermiques\",\"voiture \u00e9lectrique\"],\"articleSection\":[\"Panneaux solaires photovolta\u00efques\",\"Voiture \u00e9lectrique\"],\"inLanguage\":\"fr-FR\"},{\"@type\":\"WebPage\",\"@id\":\"http:\\\/\\\/panneauxsolaires16.fr\\\/wordpress\\\/2023\\\/05\\\/27\\\/2035-la-fin-des-voitures-dites-thermiques\\\/\",\"url\":\"http:\\\/\\\/panneauxsolaires16.fr\\\/wordpress\\\/2023\\\/05\\\/27\\\/2035-la-fin-des-voitures-dites-thermiques\\\/\",\"name\":\"2035 : fin des voitures dites thermiques pour une envol\u00e9e de la voiture \u00e9lectrique ! -\",\"isPartOf\":{\"@id\":\"http:\\\/\\\/panneauxsolaires16.fr\\\/wordpress\\\/#website\"},\"primaryImageOfPage\":{\"@id\":\"http:\\\/\\\/panneauxsolaires16.fr\\\/wordpress\\\/2023\\\/05\\\/27\\\/2035-la-fin-des-voitures-dites-thermiques\\\/#primaryimage\"},\"image\":{\"@id\":\"http:\\\/\\\/panneauxsolaires16.fr\\\/wordpress\\\/2023\\\/05\\\/27\\\/2035-la-fin-des-voitures-dites-thermiques\\\/#primaryimage\"},\"thumbnailUrl\":\"http:\\\/\\\/panneauxsolaires16.fr\\\/wordpress\\\/wp-content\\\/uploads\\\/2023\\\/05\\\/Couv-Article-CFEN-fin-des-voitures-thermiques.png\",\"datePublished\":\"2023-05-27T09:01:37+00:00\",\"dateModified\":\"2023-06-15T13:18:39+00:00\",\"description\":\"CFEN nous informe de a fin de l'autorisation de vente des v\u00e9hicules thermiques neufs au profit de la voiture \u00e9lectrique en 2035 !\",\"breadcrumb\":{\"@id\":\"http:\\\/\\\/panneauxsolaires16.fr\\\/wordpress\\\/2023\\\/05\\\/27\\\/2035-la-fin-des-voitures-dites-thermiques\\\/#breadcrumb\"},\"inLanguage\":\"fr-FR\",\"potentialAction\":[{\"@type\":\"ReadAction\",\"target\":[\"http:\\\/\\\/panneauxsolaires16.fr\\\/wordpress\\\/2023\\\/05\\\/27\\\/2035-la-fin-des-voitures-dites-thermiques\\\/\"]}]},{\"@type\":\"ImageObject\",\"inLanguage\":\"fr-FR\",\"@id\":\"http:\\\/\\\/panneauxsolaires16.fr\\\/wordpress\\\/2023\\\/05\\\/27\\\/2035-la-fin-des-voitures-dites-thermiques\\\/#primaryimage\",\"url\":\"http:\\\/\\\/panneauxsolaires16.fr\\\/wordpress\\\/wp-content\\\/uploads\\\/2023\\\/05\\\/Couv-Article-CFEN-fin-des-voitures-thermiques.png\",\"contentUrl\":\"http:\\\/\\\/panneauxsolaires16.fr\\\/wordpress\\\/wp-content\\\/uploads\\\/2023\\\/05\\\/Couv-Article-CFEN-fin-des-voitures-thermiques.png\",\"width\":1312,\"height\":394},{\"@type\":\"BreadcrumbList\",\"@id\":\"http:\\\/\\\/panneauxsolaires16.fr\\\/wordpress\\\/2023\\\/05\\\/27\\\/2035-la-fin-des-voitures-dites-thermiques\\\/#breadcrumb\",\"itemListElement\":[{\"@type\":\"ListItem\",\"position\":1,\"name\":\"Accueil\",\"item\":\"http:\\\/\\\/panneauxsolaires16.fr\\\/wordpress\\\/\"},{\"@type\":\"ListItem\",\"position\":2,\"name\":\"2035 : fin des voitures dites thermiques pour une envol\u00e9e de la voiture \u00e9lectrique !\"}]},{\"@type\":\"WebSite\",\"@id\":\"http:\\\/\\\/panneauxsolaires16.fr\\\/wordpress\\\/#website\",\"url\":\"http:\\\/\\\/panneauxsolaires16.fr\\\/wordpress\\\/\",\"name\":\"www.panneauxsoliares16.fr\",\"description\":\"Ma propre \u00e9nergie !\",\"publisher\":{\"@id\":\"http:\\\/\\\/panneauxsolaires16.fr\\\/wordpress\\\/#organization\"},\"potentialAction\":[{\"@type\":\"SearchAction\",\"target\":{\"@type\":\"EntryPoint\",\"urlTemplate\":\"http:\\\/\\\/panneauxsolaires16.fr\\\/wordpress\\\/?s={search_term_string}\"},\"query-input\":{\"@type\":\"PropertyValueSpecification\",\"valueRequired\":true,\"valueName\":\"search_term_string\"}}],\"inLanguage\":\"fr-FR\"},{\"@type\":\"Organization\",\"@id\":\"http:\\\/\\\/panneauxsolaires16.fr\\\/wordpress\\\/#organization\",\"name\":\"CFEN\",\"url\":\"http:\\\/\\\/panneauxsolaires16.fr\\\/wordpress\\\/\",\"logo\":{\"@type\":\"ImageObject\",\"inLanguage\":\"fr-FR\",\"@id\":\"http:\\\/\\\/panneauxsolaires16.fr\\\/wordpress\\\/#\\\/schema\\\/logo\\\/image\\\/\",\"url\":\"http:\\\/\\\/panneauxsolaires16.fr\\\/wordpress\\\/wp-content\\\/uploads\\\/2023\\\/03\\\/cropped-REPRISE-1.png\",\"contentUrl\":\"http:\\\/\\\/panneauxsolaires16.fr\\\/wordpress\\\/wp-content\\\/uploads\\\/2023\\\/03\\\/cropped-REPRISE-1.png\",\"width\":709,\"height\":420,\"caption\":\"CFEN\"},\"image\":{\"@id\":\"http:\\\/\\\/panneauxsolaires16.fr\\\/wordpress\\\/#\\\/schema\\\/logo\\\/image\\\/\"},\"sameAs\":[\"https:\\\/\\\/www.facebook.com\\\/cfen16.photovoltaiques\",\"https:\\\/\\\/www.linkedin.com\\\/in\\\/santebienetre\\\/\"]},{\"@type\":\"Person\",\"@id\":\"http:\\\/\\\/panneauxsolaires16.fr\\\/wordpress\\\/#\\\/schema\\\/person\\\/5179b2e7d55aabf61f632f0b5095ffac\",\"name\":\"Cfen r\u00e9dacteur\",\"image\":{\"@type\":\"ImageObject\",\"inLanguage\":\"fr-FR\",\"@id\":\"https:\\\/\\\/secure.gravatar.com\\\/avatar\\\/f1978fb23018d6494400b1ea2a8ce9666bcc458f35c4589a044515a0d340a4ff?s=96&d=mm&r=g\",\"url\":\"https:\\\/\\\/secure.gravatar.com\\\/avatar\\\/f1978fb23018d6494400b1ea2a8ce9666bcc458f35c4589a044515a0d340a4ff?s=96&d=mm&r=g\",\"contentUrl\":\"https:\\\/\\\/secure.gravatar.com\\\/avatar\\\/f1978fb23018d6494400b1ea2a8ce9666bcc458f35c4589a044515a0d340a4ff?s=96&d=mm&r=g\",\"caption\":\"Cfen r\u00e9dacteur\"},\"sameAs\":[\"http:\\\/\\\/panneauxsolaires16.fr\\\/wordpress\"],\"url\":\"http:\\\/\\\/panneauxsolaires16.fr\\\/wordpress\\\/author\\\/panneauxsolaires16\\\/\"}]}<\/script>\n<!-- \/ Yoast SEO plugin. -->","yoast_head_json":{"title":"2035 : fin des voitures dites thermiques pour une envol\u00e9e de la voiture \u00e9lectrique ! -","description":"CFEN nous informe de a fin de l'autorisation de vente des v\u00e9hicules thermiques neufs au profit de la voiture \u00e9lectrique en 2035 !","robots":{"index":"index","follow":"follow","max-snippet":"max-snippet:-1","max-image-preview":"max-image-preview:large","max-video-preview":"max-video-preview:-1"},"canonical":"http:\/\/panneauxsolaires16.fr\/wordpress\/2023\/05\/27\/2035-la-fin-des-voitures-dites-thermiques\/","og_locale":"fr_FR","og_type":"article","og_title":"2035 sonnera le glas de l'\u00e9pop\u00e9e de la voiture thermique au profit de la voiture \u00e9lectrique","og_description":"CFEN vous informe : Le Parlement europ\u00e9en a d\u00e9cid\u00e9 la fin de l'autorisation de vente des v\u00e9hicules thermiques neufs en 2035 !","og_url":"http:\/\/panneauxsolaires16.fr\/wordpress\/2023\/05\/27\/2035-la-fin-des-voitures-dites-thermiques\/","article_publisher":"https:\/\/www.facebook.com\/cfen16.photovoltaiques","article_published_time":"2023-05-27T09:01:37+00:00","article_modified_time":"2023-06-15T13:18:39+00:00","og_image":[{"width":640,"height":480,"url":"http:\/\/panneauxsolaires16.fr\/wordpress\/wp-content\/uploads\/2023\/05\/electric-car-g57c2184a0_640.jpg","type":"image\/jpeg"}],"author":"Cfen r\u00e9dacteur","twitter_card":"summary_large_image","twitter_misc":{"\u00c9crit par":"Cfen r\u00e9dacteur","Dur\u00e9e de lecture estim\u00e9e":"6 minutes"},"schema":{"@context":"https:\/\/schema.org","@graph":[{"@type":"Article","@id":"http:\/\/panneauxsolaires16.fr\/wordpress\/2023\/05\/27\/2035-la-fin-des-voitures-dites-thermiques\/#article","isPartOf":{"@id":"http:\/\/panneauxsolaires16.fr\/wordpress\/2023\/05\/27\/2035-la-fin-des-voitures-dites-thermiques\/"},"author":{"name":"Cfen r\u00e9dacteur","@id":"http:\/\/panneauxsolaires16.fr\/wordpress\/#\/schema\/person\/5179b2e7d55aabf61f632f0b5095ffac"},"headline":"2035 : fin des voitures dites thermiques pour une envol\u00e9e de la voiture \u00e9lectrique !","datePublished":"2023-05-27T09:01:37+00:00","dateModified":"2023-06-15T13:18:39+00:00","mainEntityOfPage":{"@id":"http:\/\/panneauxsolaires16.fr\/wordpress\/2023\/05\/27\/2035-la-fin-des-voitures-dites-thermiques\/"},"wordCount":768,"publisher":{"@id":"http:\/\/panneauxsolaires16.fr\/wordpress\/#organization"},"image":{"@id":"http:\/\/panneauxsolaires16.fr\/wordpress\/2023\/05\/27\/2035-la-fin-des-voitures-dites-thermiques\/#primaryimage"},"thumbnailUrl":"http:\/\/panneauxsolaires16.fr\/wordpress\/wp-content\/uploads\/2023\/05\/Couv-Article-CFEN-fin-des-voitures-thermiques.png","keywords":["batterie rechargeable","biocarburants","diesel","\u00e9cologie","ecoresponsabilit\u00e9","\u00e9lectricit\u00e9","\u00e9mission de carbone","essence","ma propre \u00e9nergie","mobilit\u00e9 \u00e9lectrique","panneaux solaires","photovolta\u00efque","v\u00e9hicule propre","v\u00e9hicules hybrides","v\u00e9hicules thermiques","voiture \u00e9lectrique"],"articleSection":["Panneaux solaires photovolta\u00efques","Voiture \u00e9lectrique"],"inLanguage":"fr-FR"},{"@type":"WebPage","@id":"http:\/\/panneauxsolaires16.fr\/wordpress\/2023\/05\/27\/2035-la-fin-des-voitures-dites-thermiques\/","url":"http:\/\/panneauxsolaires16.fr\/wordpress\/2023\/05\/27\/2035-la-fin-des-voitures-dites-thermiques\/","name":"2035 : fin des voitures dites thermiques pour une envol\u00e9e de la voiture \u00e9lectrique ! -","isPartOf":{"@id":"http:\/\/panneauxsolaires16.fr\/wordpress\/#website"},"primaryImageOfPage":{"@id":"http:\/\/panneauxsolaires16.fr\/wordpress\/2023\/05\/27\/2035-la-fin-des-voitures-dites-thermiques\/#primaryimage"},"image":{"@id":"http:\/\/panneauxsolaires16.fr\/wordpress\/2023\/05\/27\/2035-la-fin-des-voitures-dites-thermiques\/#primaryimage"},"thumbnailUrl":"http:\/\/panneauxsolaires16.fr\/wordpress\/wp-content\/uploads\/2023\/05\/Couv-Article-CFEN-fin-des-voitures-thermiques.png","datePublished":"2023-05-27T09:01:37+00:00","dateModified":"2023-06-15T13:18:39+00:00","description":"CFEN nous informe de a fin de l'autorisation de vente des v\u00e9hicules thermiques neufs au profit de la voiture \u00e9lectrique en 2035 !","breadcrumb":{"@id":"http:\/\/panneauxsolaires16.fr\/wordpress\/2023\/05\/27\/2035-la-fin-des-voitures-dites-thermiques\/#breadcrumb"},"inLanguage":"fr-FR","potentialAction":[{"@type":"ReadAction","target":["http:\/\/panneauxsolaires16.fr\/wordpress\/2023\/05\/27\/2035-la-fin-des-voitures-dites-thermiques\/"]}]},{"@type":"ImageObject","inLanguage":"fr-FR","@id":"http:\/\/panneauxsolaires16.fr\/wordpress\/2023\/05\/27\/2035-la-fin-des-voitures-dites-thermiques\/#primaryimage","url":"http:\/\/panneauxsolaires16.fr\/wordpress\/wp-content\/uploads\/2023\/05\/Couv-Article-CFEN-fin-des-voitures-thermiques.png","contentUrl":"http:\/\/panneauxsolaires16.fr\/wordpress\/wp-content\/uploads\/2023\/05\/Couv-Article-CFEN-fin-des-voitures-thermiques.png","width":1312,"height":394},{"@type":"BreadcrumbList","@id":"http:\/\/panneauxsolaires16.fr\/wordpress\/2023\/05\/27\/2035-la-fin-des-voitures-dites-thermiques\/#breadcrumb","itemListElement":[{"@type":"ListItem","position":1,"name":"Accueil","item":"http:\/\/panneauxsolaires16.fr\/wordpress\/"},{"@type":"ListItem","position":2,"name":"2035 : fin des voitures dites thermiques pour une envol\u00e9e de la voiture \u00e9lectrique !"}]},{"@type":"WebSite","@id":"http:\/\/panneauxsolaires16.fr\/wordpress\/#website","url":"http:\/\/panneauxsolaires16.fr\/wordpress\/","name":"www.panneauxsoliares16.fr","description":"Ma propre \u00e9nergie !","publisher":{"@id":"http:\/\/panneauxsolaires16.fr\/wordpress\/#organization"},"potentialAction":[{"@type":"SearchAction","target":{"@type":"EntryPoint","urlTemplate":"http:\/\/panneauxsolaires16.fr\/wordpress\/?s={search_term_string}"},"query-input":{"@type":"PropertyValueSpecification","valueRequired":true,"valueName":"search_term_string"}}],"inLanguage":"fr-FR"},{"@type":"Organization","@id":"http:\/\/panneauxsolaires16.fr\/wordpress\/#organization","name":"CFEN","url":"http:\/\/panneauxsolaires16.fr\/wordpress\/","logo":{"@type":"ImageObject","inLanguage":"fr-FR","@id":"http:\/\/panneauxsolaires16.fr\/wordpress\/#\/schema\/logo\/image\/","url":"http:\/\/panneauxsolaires16.fr\/wordpress\/wp-content\/uploads\/2023\/03\/cropped-REPRISE-1.png","contentUrl":"http:\/\/panneauxsolaires16.fr\/wordpress\/wp-content\/uploads\/2023\/03\/cropped-REPRISE-1.png","width":709,"height":420,"caption":"CFEN"},"image":{"@id":"http:\/\/panneauxsolaires16.fr\/wordpress\/#\/schema\/logo\/image\/"},"sameAs":["https:\/\/www.facebook.com\/cfen16.photovoltaiques","https:\/\/www.linkedin.com\/in\/santebienetre\/"]},{"@type":"Person","@id":"http:\/\/panneauxsolaires16.fr\/wordpress\/#\/schema\/person\/5179b2e7d55aabf61f632f0b5095ffac","name":"Cfen r\u00e9dacteur","image":{"@type":"ImageObject","inLanguage":"fr-FR","@id":"https:\/\/secure.gravatar.com\/avatar\/f1978fb23018d6494400b1ea2a8ce9666bcc458f35c4589a044515a0d340a4ff?s=96&d=mm&r=g","url":"https:\/\/secure.gravatar.com\/avatar\/f1978fb23018d6494400b1ea2a8ce9666bcc458f35c4589a044515a0d340a4ff?s=96&d=mm&r=g","contentUrl":"https:\/\/secure.gravatar.com\/avatar\/f1978fb23018d6494400b1ea2a8ce9666bcc458f35c4589a044515a0d340a4ff?s=96&d=mm&r=g","caption":"Cfen r\u00e9dacteur"},"sameAs":["http:\/\/panneauxsolaires16.fr\/wordpress"],"url":"http:\/\/panneauxsolaires16.fr\/wordpress\/author\/panneauxsolaires16\/"}]}},"_links":{"self":[{"href":"http:\/\/panneauxsolaires16.fr\/wordpress\/wp-json\/wp\/v2\/posts\/64","targetHints":{"allow":["GET"]}}],"collection":[{"href":"http:\/\/panneauxsolaires16.fr\/wordpress\/wp-json\/wp\/v2\/posts"}],"about":[{"href":"http:\/\/panneauxsolaires16.fr\/wordpress\/wp-json\/wp\/v2\/types\/post"}],"author":[{"embeddable":true,"href":"http:\/\/panneauxsolaires16.fr\/wordpress\/wp-json\/wp\/v2\/users\/1"}],"replies":[{"embeddable":true,"href":"http:\/\/panneauxsolaires16.fr\/wordpress\/wp-json\/wp\/v2\/comments?post=64"}],"version-history":[{"count":70,"href":"http:\/\/panneauxsolaires16.fr\/wordpress\/wp-json\/wp\/v2\/posts\/64\/revisions"}],"predecessor-version":[{"id":349,"href":"http:\/\/panneauxsolaires16.fr\/wordpress\/wp-json\/wp\/v2\/posts\/64\/revisions\/349"}],"wp:featuredmedia":[{"embeddable":true,"href":"http:\/\/panneauxsolaires16.fr\/wordpress\/wp-json\/wp\/v2\/media\/66"}],"wp:attachment":[{"href":"http:\/\/panneauxsolaires16.fr\/wordpress\/wp-json\/wp\/v2\/media?parent=64"}],"wp:term":[{"taxonomy":"category","embeddable":true,"href":"http:\/\/panneauxsolaires16.fr\/wordpress\/wp-json\/wp\/v2\/categories?post=64"},{"taxonomy":"post_tag","embeddable":true,"href":"http:\/\/panneauxsolaires16.fr\/wordpress\/wp-json\/wp\/v2\/tags?post=64"}],"curies":[{"name":"wp","href":"https:\/\/api.w.org\/{rel}","templated":true}]}}